{"id":901,"date":"2022-09-26T22:51:58","date_gmt":"2022-09-26T22:51:58","guid":{"rendered":"http:\/\/etyc.pol.una.py\/?p=901"},"modified":"2022-09-26T23:11:20","modified_gmt":"2022-09-26T23:11:20","slug":"exposicion-de-proyectos-de-la-carrera-de-ingenieria-en-electronica%ef%bf%bc","status":"publish","type":"post","link":"https:\/\/etyc.pol.una.py\/?p=901","title":{"rendered":"Exposici\u00f3n de proyectos de la carrera de Ingenier\u00eda en Electr\u00f3nica\ufffc"},"content":{"rendered":"\t\t<div data-elementor-type=\"wp-post\" data-elementor-id=\"901\" class=\"elementor elementor-901\">\n\t\t\t\t\t\t<section class=\"elementor-section elementor-top-section elementor-element elementor-element-3545a00 elementor-section-boxed elementor-section-height-default elementor-section-height-default\" data-id=\"3545a00\" data-element_type=\"section\">\n\t\t\t\t\t\t<div class=\"elementor-container elementor-column-gap-default\">\n\t\t\t\t\t<div class=\"elementor-column elementor-col-100 elementor-top-column elementor-element elementor-element-642b076\" data-id=\"642b076\" data-element_type=\"column\">\n\t\t\t<div class=\"elementor-widget-wrap elementor-element-populated\">\n\t\t\t\t\t\t<div class=\"elementor-element elementor-element-135a7a5 elementor-widget elementor-widget-text-editor\" data-id=\"135a7a5\" data-element_type=\"widget\" data-widget_type=\"text-editor.default\">\n\t\t\t\t<div class=\"elementor-widget-container\">\n\t\t\t<style>\/*! elementor - v3.21.0 - 26-05-2024 *\/\n.elementor-widget-text-editor.elementor-drop-cap-view-stacked .elementor-drop-cap{background-color:#69727d;color:#fff}.elementor-widget-text-editor.elementor-drop-cap-view-framed .elementor-drop-cap{color:#69727d;border:3px solid;background-color:transparent}.elementor-widget-text-editor:not(.elementor-drop-cap-view-default) .elementor-drop-cap{margin-top:8px}.elementor-widget-text-editor:not(.elementor-drop-cap-view-default) .elementor-drop-cap-letter{width:1em;height:1em}.elementor-widget-text-editor .elementor-drop-cap{float:left;text-align:center;line-height:1;font-size:50px}.elementor-widget-text-editor .elementor-drop-cap-letter{display:inline-block}<\/style>\t\t\t\t<p><img fetchpriority=\"high\" decoding=\"async\" class=\"aligncenter wp-image-905 size-full\" src=\"http:\/\/etyc.pol.una.py\/wp-content\/uploads\/2022\/09\/IMG_2404.jpg\" alt=\"\" width=\"1400\" height=\"933\" srcset=\"https:\/\/etyc.pol.una.py\/wp-content\/uploads\/2022\/09\/IMG_2404.jpg 1400w, https:\/\/etyc.pol.una.py\/wp-content\/uploads\/2022\/09\/IMG_2404-300x200.jpg 300w, https:\/\/etyc.pol.una.py\/wp-content\/uploads\/2022\/09\/IMG_2404-1024x682.jpg 1024w, https:\/\/etyc.pol.una.py\/wp-content\/uploads\/2022\/09\/IMG_2404-768x512.jpg 768w, https:\/\/etyc.pol.una.py\/wp-content\/uploads\/2022\/09\/IMG_2404-600x400.jpg 600w\" sizes=\"(max-width: 1400px) 100vw, 1400px\" \/><\/p><p>La Exposici\u00f3n y competencia de proyectos de Ingenier\u00eda en Electr\u00f3nica se desarroll\u00f3 el viernes, 23 de setiembre de 9:00 a 13:00 <em>h <\/em>en el Aula Magna de la FP-UNA, en el marco de la XX Exposici\u00f3n Tecnol\u00f3gica y Cient\u00edfica, ETC 2022.<\/p><p>Durante este evento los \u00a0estudiantes de la carrera Ingenier\u00eda en Electr\u00f3nica, IEK, \u00a0expusieron sus proyectos al p\u00fablico en general; dichos proyectos fueron desarrollados y dise\u00f1ados utilizando las herramientas y conocimientos adquiridos en las asignaturas. Posteriormente los trabajos participaron de una competencia con la finalidad de premiar a los mejores proyectos, bajo los criterios de evaluaci\u00f3n de docentes del Departamento de Electricidad y Electr\u00f3nica, as\u00ed como tambi\u00e9n del \u00e1rea del laboratorio. La exposici\u00f3n fue dirigida por el Prof. Ing. Lucas Frutos, Prof. Ing. F\u00e9lix Kanazawa, docentes de la carrera.<\/p><p>El objetivo de esta actividad fue promover los proyectos de los alumnos de IEK desarrollados en las materias relacionadas a la Electr\u00f3nica Digital y Sistemas Digitales.<\/p><p>Esta actividad fue organizada por la Direcci\u00f3n de la carrera Ingenier\u00eda en Electr\u00f3nica, IEK, en conjunto con la delegaci\u00f3n de la carrera y cont\u00f3 con la participaci\u00f3n de estudiantes\u00a0 de la FPU-NA, el p\u00fablico en general, adem\u00e1s de la participaci\u00f3n especial de los estudiantes de las filiales de Coronel Oviedo y Villarrica.<\/p><p><span style=\"color: #ffffff;\">.<\/span><\/p><p>Nota: Ana Valiente Villalba<\/p><p>Fotograf\u00edas: Luj\u00e1n Garc\u00eda<\/p><p>Lunes, 26 de setiembre de 2022<\/p>\t\t\t\t\t\t<\/div>\n\t\t\t\t<\/div>\n\t\t\t\t\t<\/div>\n\t\t<\/div>\n\t\t\t\t\t<\/div>\n\t\t<\/section>\n\t\t\t\t<\/div>\n\t\t","protected":false},"excerpt":{"rendered":"<p>La Exposici\u00f3n y competencia de proyectos de Ingenier\u00eda en Electr\u00f3nica se desarroll\u00f3 el viernes, 23 de setiembre de 9:00 a 13:00 h en el Aula Magna de la FP-UNA, en el marco de la XX Exposici\u00f3n Tecnol\u00f3gica y Cient\u00edfica, ETC 2022. Durante este evento los &nbsp;estudiantes de la carrera Ingenier\u00eda en Electr\u00f3nica, IEK, &nbsp;expusieron sus proyectos al p\u00fablico en general;&#8230;<\/p>\n","protected":false},"author":1,"featured_media":902,"comment_status":"open","ping_status":"open","sticky":false,"template":"","format":"standard","meta":{"footnotes":""},"categories":[8],"tags":[],"class_list":["post-901","post","type-post","status-publish","format-standard","has-post-thumbnail","hentry","category-noticias"],"_links":{"self":[{"href":"https:\/\/etyc.pol.una.py\/index.php?rest_route=\/wp\/v2\/posts\/901","targetHints":{"allow":["GET"]}}],"collection":[{"href":"https:\/\/etyc.pol.una.py\/index.php?rest_route=\/wp\/v2\/posts"}],"about":[{"href":"https:\/\/etyc.pol.una.py\/index.php?rest_route=\/wp\/v2\/types\/post"}],"author":[{"embeddable":true,"href":"https:\/\/etyc.pol.una.py\/index.php?rest_route=\/wp\/v2\/users\/1"}],"replies":[{"embeddable":true,"href":"https:\/\/etyc.pol.una.py\/index.php?rest_route=%2Fwp%2Fv2%2Fcomments&post=901"}],"version-history":[{"count":5,"href":"https:\/\/etyc.pol.una.py\/index.php?rest_route=\/wp\/v2\/posts\/901\/revisions"}],"predecessor-version":[{"id":930,"href":"https:\/\/etyc.pol.una.py\/index.php?rest_route=\/wp\/v2\/posts\/901\/revisions\/930"}],"wp:featuredmedia":[{"embeddable":true,"href":"https:\/\/etyc.pol.una.py\/index.php?rest_route=\/wp\/v2\/media\/902"}],"wp:attachment":[{"href":"https:\/\/etyc.pol.una.py\/index.php?rest_route=%2Fwp%2Fv2%2Fmedia&parent=901"}],"wp:term":[{"taxonomy":"category","embeddable":true,"href":"https:\/\/etyc.pol.una.py\/index.php?rest_route=%2Fwp%2Fv2%2Fcategories&post=901"},{"taxonomy":"post_tag","embeddable":true,"href":"https:\/\/etyc.pol.una.py\/index.php?rest_route=%2Fwp%2Fv2%2Ftags&post=901"}],"curies":[{"name":"wp","href":"https:\/\/api.w.org\/{rel}","templated":true}]}}