{"id":885,"date":"2022-09-24T00:16:11","date_gmt":"2022-09-24T00:16:11","guid":{"rendered":"http:\/\/etyc.pol.una.py\/?p=885"},"modified":"2022-09-24T00:17:40","modified_gmt":"2022-09-24T00:17:40","slug":"ciclo-de-charlas-de-la-carrera-icm%ef%bf%bc","status":"publish","type":"post","link":"https:\/\/etyc.pol.una.py\/?p=885","title":{"rendered":"Ciclo de Charlas de la carrera ICM\ufffc"},"content":{"rendered":"\t\t<div data-elementor-type=\"wp-post\" data-elementor-id=\"885\" class=\"elementor elementor-885\">\n\t\t\t\t\t\t<section class=\"elementor-section elementor-top-section elementor-element elementor-element-abcfdde elementor-section-boxed elementor-section-height-default elementor-section-height-default\" data-id=\"abcfdde\" data-element_type=\"section\">\n\t\t\t\t\t\t<div class=\"elementor-container elementor-column-gap-default\">\n\t\t\t\t\t<div class=\"elementor-column elementor-col-100 elementor-top-column elementor-element elementor-element-018bb6b\" data-id=\"018bb6b\" data-element_type=\"column\">\n\t\t\t<div class=\"elementor-widget-wrap elementor-element-populated\">\n\t\t\t\t\t\t<div class=\"elementor-element elementor-element-638b5c0 elementor-widget elementor-widget-text-editor\" data-id=\"638b5c0\" data-element_type=\"widget\" data-widget_type=\"text-editor.default\">\n\t\t\t\t<div class=\"elementor-widget-container\">\n\t\t\t<style>\/*! elementor - v3.21.0 - 26-05-2024 *\/\n.elementor-widget-text-editor.elementor-drop-cap-view-stacked .elementor-drop-cap{background-color:#69727d;color:#fff}.elementor-widget-text-editor.elementor-drop-cap-view-framed .elementor-drop-cap{color:#69727d;border:3px solid;background-color:transparent}.elementor-widget-text-editor:not(.elementor-drop-cap-view-default) .elementor-drop-cap{margin-top:8px}.elementor-widget-text-editor:not(.elementor-drop-cap-view-default) .elementor-drop-cap-letter{width:1em;height:1em}.elementor-widget-text-editor .elementor-drop-cap{float:left;text-align:center;line-height:1;font-size:50px}.elementor-widget-text-editor .elementor-drop-cap-letter{display:inline-block}<\/style>\t\t\t\t<p>El Ciclo de Charlas de la carrera de Ingenier\u00eda en Ciencias de los Materiales, ICM, de la FP-UNA se desarroll\u00f3 el jueves 22 de setiembre a partir de las 9:00 h en el AulaBO1 de la facultad, en el marco de la XX Exposici\u00f3n Tecnol\u00f3gica y Cient\u00edfica, ETYC 2022.<\/p><p>Las charlas desarrolladas fueron: \u201c\u00bfQu\u00e9 es Ingenier\u00eda en Ciencias de los Materiales? Su relevancia para el pa\u00eds\u201d a cargo del Lic. Eduardo Giangreco; \u201cEnsayos no destructivos aplicados a la industria\u201d por el Ms. Federico Fern\u00e1ndez; \u201cEcomadera. Un material sustentable\u201d y\u00a0 \u201cMateriales Met\u00e1licos y su degradaci\u00f3n\u201d ambas a cargo del\u00a0 Prof. MSc. Gerardo Alvarenga y \u201cPDLC: pol\u00edmero disperso en cristal l\u00edquido\u201d por el Univ. Iv\u00e1n Quintana. Ofici\u00f3 de Moderador el Prof. Ing. Silvio B\u00e1ez, Director de la carrera ICM.<\/p><p>El Objetivo de este ciclo de charlas fue \u201cPromover y difundir la carrera de ICM para mostrar los trabajos, el equipo de trabajo, actividades, investigaciones, objetivos de la carrera y\u00a0 logros\u201d<\/p><p>Participaron de esta actividad, estudiantes del tercer curso de la Educaci\u00f3n Media del colegio CNC y del Colegio T\u00e9cnico Vocacional Carlos Antonio L\u00f3pez de Asunci\u00f3n, especialidad construcciones civiles, adem\u00e1s de estudiantes de la FP-UNA.<\/p><p>El ciclo concluy\u00f3 con una visita guiada a los laboratorios de la carrera ICM.<\/p><p>\u00a0<\/p><p>Nota: Ana Valiente Villalba<\/p><p>Fotograf\u00edas: gentileza<\/p><p>Viernes, 23 de setiembre de 2022<\/p>\t\t\t\t\t\t<\/div>\n\t\t\t\t<\/div>\n\t\t\t\t\t<\/div>\n\t\t<\/div>\n\t\t\t\t\t<\/div>\n\t\t<\/section>\n\t\t\t\t<\/div>\n\t\t","protected":false},"excerpt":{"rendered":"<p>El Ciclo de Charlas de la carrera de Ingenier\u00eda en Ciencias de los Materiales, ICM, de la FP-UNA se desarroll\u00f3 el jueves 22 de setiembre a partir de las 9:00 h en el AulaBO1 de la facultad, en el marco de la XX Exposici\u00f3n Tecnol\u00f3gica y Cient\u00edfica, ETYC 2022. Las charlas desarrolladas fueron: \u201c\u00bfQu\u00e9 es Ingenier\u00eda en Ciencias de los&#8230;<\/p>\n","protected":false},"author":1,"featured_media":886,"comment_status":"open","ping_status":"open","sticky":false,"template":"","format":"standard","meta":{"footnotes":""},"categories":[8],"tags":[],"class_list":["post-885","post","type-post","status-publish","format-standard","has-post-thumbnail","hentry","category-noticias"],"_links":{"self":[{"href":"https:\/\/etyc.pol.una.py\/index.php?rest_route=\/wp\/v2\/posts\/885","targetHints":{"allow":["GET"]}}],"collection":[{"href":"https:\/\/etyc.pol.una.py\/index.php?rest_route=\/wp\/v2\/posts"}],"about":[{"href":"https:\/\/etyc.pol.una.py\/index.php?rest_route=\/wp\/v2\/types\/post"}],"author":[{"embeddable":true,"href":"https:\/\/etyc.pol.una.py\/index.php?rest_route=\/wp\/v2\/users\/1"}],"replies":[{"embeddable":true,"href":"https:\/\/etyc.pol.una.py\/index.php?rest_route=%2Fwp%2Fv2%2Fcomments&post=885"}],"version-history":[{"count":4,"href":"https:\/\/etyc.pol.una.py\/index.php?rest_route=\/wp\/v2\/posts\/885\/revisions"}],"predecessor-version":[{"id":891,"href":"https:\/\/etyc.pol.una.py\/index.php?rest_route=\/wp\/v2\/posts\/885\/revisions\/891"}],"wp:featuredmedia":[{"embeddable":true,"href":"https:\/\/etyc.pol.una.py\/index.php?rest_route=\/wp\/v2\/media\/886"}],"wp:attachment":[{"href":"https:\/\/etyc.pol.una.py\/index.php?rest_route=%2Fwp%2Fv2%2Fmedia&parent=885"}],"wp:term":[{"taxonomy":"category","embeddable":true,"href":"https:\/\/etyc.pol.una.py\/index.php?rest_route=%2Fwp%2Fv2%2Fcategories&post=885"},{"taxonomy":"post_tag","embeddable":true,"href":"https:\/\/etyc.pol.una.py\/index.php?rest_route=%2Fwp%2Fv2%2Ftags&post=885"}],"curies":[{"name":"wp","href":"https:\/\/api.w.org\/{rel}","templated":true}]}}