{"id":830,"date":"2022-09-22T21:51:01","date_gmt":"2022-09-22T21:51:01","guid":{"rendered":"http:\/\/etyc.pol.una.py\/?p=830"},"modified":"2022-09-22T21:58:33","modified_gmt":"2022-09-22T21:58:33","slug":"septima-edicion-del-proyecto-namomarandu","status":"publish","type":"post","link":"https:\/\/etyc.pol.una.py\/?p=830","title":{"rendered":"S\u00e9ptima Edici\u00f3n del proyecto \u00d1amomarandu"},"content":{"rendered":"\t\t<div data-elementor-type=\"wp-post\" data-elementor-id=\"830\" class=\"elementor elementor-830\">\n\t\t\t\t\t\t<section class=\"elementor-section elementor-top-section elementor-element elementor-element-e0d71bb elementor-section-boxed elementor-section-height-default elementor-section-height-default\" data-id=\"e0d71bb\" data-element_type=\"section\">\n\t\t\t\t\t\t<div class=\"elementor-container elementor-column-gap-default\">\n\t\t\t\t\t<div class=\"elementor-column elementor-col-100 elementor-top-column elementor-element elementor-element-3833cf1\" data-id=\"3833cf1\" data-element_type=\"column\">\n\t\t\t<div class=\"elementor-widget-wrap elementor-element-populated\">\n\t\t\t\t\t\t<div class=\"elementor-element elementor-element-4d2c0e3 elementor-widget elementor-widget-text-editor\" data-id=\"4d2c0e3\" data-element_type=\"widget\" data-widget_type=\"text-editor.default\">\n\t\t\t\t<div class=\"elementor-widget-container\">\n\t\t\t<style>\/*! elementor - v3.21.0 - 26-05-2024 *\/\n.elementor-widget-text-editor.elementor-drop-cap-view-stacked .elementor-drop-cap{background-color:#69727d;color:#fff}.elementor-widget-text-editor.elementor-drop-cap-view-framed .elementor-drop-cap{color:#69727d;border:3px solid;background-color:transparent}.elementor-widget-text-editor:not(.elementor-drop-cap-view-default) .elementor-drop-cap{margin-top:8px}.elementor-widget-text-editor:not(.elementor-drop-cap-view-default) .elementor-drop-cap-letter{width:1em;height:1em}.elementor-widget-text-editor .elementor-drop-cap{float:left;text-align:center;line-height:1;font-size:50px}.elementor-widget-text-editor .elementor-drop-cap-letter{display:inline-block}<\/style>\t\t\t\t<p style=\"text-align: justify;\">Noventa y siete adultos mayores y cien estudiantes voluntarios de todas las carreras de la FP-UNA participaron de la S\u00e9ptima Edici\u00f3n del Proyecto de Extensi\u00f3n Universitaria \u201c\u00d1amomarandu\u201d desarrollado este jueves, 22 de setiembre a partir de las 9:00<em> h<\/em> en el Aula Magna de la facultad, en el marco de la XX Exposici\u00f3n Tecnol\u00f3gica y Cient\u00edfica, ETYC 2022.<\/p><p><img fetchpriority=\"high\" decoding=\"async\" class=\"aligncenter wp-image-836 size-large\" src=\"http:\/\/etyc.pol.una.py\/wp-content\/uploads\/2022\/09\/IMG_2273-min-scaled-e1663883686528-1024x552.jpg\" alt=\"\" width=\"640\" height=\"345\" srcset=\"https:\/\/etyc.pol.una.py\/wp-content\/uploads\/2022\/09\/IMG_2273-min-scaled-e1663883686528-1024x552.jpg 1024w, https:\/\/etyc.pol.una.py\/wp-content\/uploads\/2022\/09\/IMG_2273-min-scaled-e1663883686528-300x162.jpg 300w, https:\/\/etyc.pol.una.py\/wp-content\/uploads\/2022\/09\/IMG_2273-min-scaled-e1663883686528-768x414.jpg 768w, https:\/\/etyc.pol.una.py\/wp-content\/uploads\/2022\/09\/IMG_2273-min-scaled-e1663883686528-1536x829.jpg 1536w, https:\/\/etyc.pol.una.py\/wp-content\/uploads\/2022\/09\/IMG_2273-min-scaled-e1663883686528-2048x1105.jpg 2048w\" sizes=\"(max-width: 640px) 100vw, 640px\" \/><\/p><p style=\"text-align: justify;\">Los voluntarios instruyeron a los participantes en el uso de la aplicaci\u00f3n Whatsapp, la red social Instagram, asimismo,\u00a0 pudieron aprender a utilizar del Cajero Autom\u00e1tico con un simulador de la empresa Bancard, a cargo del Lic. Ren\u00e9 Rodr\u00edguez, egresado de la FP-UNA.<\/p><p style=\"text-align: justify;\">Los participantes fueron del Club de Adultos Mayores \u201cOto\u00f1o Feliz\u201d, quienes fueron acompa\u00f1ados por miembros del Rotary Club de la ciudad de Luque, adem\u00e1s de la organizaci\u00f3n \u201cVida Plena\u201d de IPS y de la Asociaci\u00f3n de Adultos Mayores de Asunci\u00f3n. En la parte final el encuentro cont\u00f3 con la actuaci\u00f3n de la Banda de M\u00fasicos del Comando del Ej\u00e9rcito.<\/p><p><img decoding=\"async\" class=\"alignleft wp-image-832\" src=\"http:\/\/etyc.pol.una.py\/wp-content\/uploads\/2022\/09\/DSC_0034-min-300x200.jpg\" alt=\"\" width=\"350\" height=\"233\" srcset=\"https:\/\/etyc.pol.una.py\/wp-content\/uploads\/2022\/09\/DSC_0034-min-300x200.jpg 300w, https:\/\/etyc.pol.una.py\/wp-content\/uploads\/2022\/09\/DSC_0034-min-1024x683.jpg 1024w, https:\/\/etyc.pol.una.py\/wp-content\/uploads\/2022\/09\/DSC_0034-min-768x512.jpg 768w, https:\/\/etyc.pol.una.py\/wp-content\/uploads\/2022\/09\/DSC_0034-min-1536x1024.jpg 1536w, https:\/\/etyc.pol.una.py\/wp-content\/uploads\/2022\/09\/DSC_0034-min-2048x1365.jpg 2048w, https:\/\/etyc.pol.una.py\/wp-content\/uploads\/2022\/09\/DSC_0034-min-600x400.jpg 600w\" sizes=\"(max-width: 350px) 100vw, 350px\" \/> <img decoding=\"async\" class=\"alignnone wp-image-834\" src=\"http:\/\/etyc.pol.una.py\/wp-content\/uploads\/2022\/09\/DSC_0035-min-300x200.jpg\" alt=\"\" width=\"350\" height=\"233\" srcset=\"https:\/\/etyc.pol.una.py\/wp-content\/uploads\/2022\/09\/DSC_0035-min-300x200.jpg 300w, https:\/\/etyc.pol.una.py\/wp-content\/uploads\/2022\/09\/DSC_0035-min-1024x683.jpg 1024w, https:\/\/etyc.pol.una.py\/wp-content\/uploads\/2022\/09\/DSC_0035-min-768x512.jpg 768w, https:\/\/etyc.pol.una.py\/wp-content\/uploads\/2022\/09\/DSC_0035-min-1536x1024.jpg 1536w, https:\/\/etyc.pol.una.py\/wp-content\/uploads\/2022\/09\/DSC_0035-min-2048x1365.jpg 2048w, https:\/\/etyc.pol.una.py\/wp-content\/uploads\/2022\/09\/DSC_0035-min-600x400.jpg 600w\" sizes=\"(max-width: 350px) 100vw, 350px\" \/><\/p><p style=\"text-align: justify;\">\u00d1amomarandu, que busca acercar la tecnolog\u00eda a las personas de la tercera edad, es un proyecto de extensi\u00f3n universitaria de los estudiantes de las carreras de Ingenier\u00eda en Inform\u00e1tica y Licenciatura en Ciencias Inform\u00e1ticas de la FP-UNA, dentro de la c\u00e1tedra Algor\u00edtmica I, de la Prof. MSc. Liduvina Vega de Urizar, con apoyo de todas las carreras de la FP-UNA.<\/p><p style=\"text-align: justify;\">\u00a0<\/p><p>Nota: Ana Valiente Villalba<\/p><p>Fotograf\u00edas: Luj\u00e1n Garc\u00eda y gentileza<\/p><p>Jueves, 22 de setiembre de 2022<\/p>\t\t\t\t\t\t<\/div>\n\t\t\t\t<\/div>\n\t\t\t\t\t<\/div>\n\t\t<\/div>\n\t\t\t\t\t<\/div>\n\t\t<\/section>\n\t\t\t\t<\/div>\n\t\t","protected":false},"excerpt":{"rendered":"<p>Noventa y siete adultos mayores y cien estudiantes voluntarios de todas las carreras de la FP-UNA participaron de la S\u00e9ptima Edici\u00f3n del Proyecto de Extensi\u00f3n Universitaria \u201c\u00d1amomarandu\u201d desarrollado este jueves, 22 de setiembre a partir de las 9:00 h en el Aula Magna de la facultad, en el marco de la XX Exposici\u00f3n Tecnol\u00f3gica y Cient\u00edfica, ETYC 2022. Los voluntarios&#8230;<\/p>\n","protected":false},"author":1,"featured_media":833,"comment_status":"open","ping_status":"open","sticky":false,"template":"","format":"standard","meta":{"footnotes":""},"categories":[8],"tags":[],"class_list":["post-830","post","type-post","status-publish","format-standard","has-post-thumbnail","hentry","category-noticias"],"_links":{"self":[{"href":"https:\/\/etyc.pol.una.py\/index.php?rest_route=\/wp\/v2\/posts\/830","targetHints":{"allow":["GET"]}}],"collection":[{"href":"https:\/\/etyc.pol.una.py\/index.php?rest_route=\/wp\/v2\/posts"}],"about":[{"href":"https:\/\/etyc.pol.una.py\/index.php?rest_route=\/wp\/v2\/types\/post"}],"author":[{"embeddable":true,"href":"https:\/\/etyc.pol.una.py\/index.php?rest_route=\/wp\/v2\/users\/1"}],"replies":[{"embeddable":true,"href":"https:\/\/etyc.pol.una.py\/index.php?rest_route=%2Fwp%2Fv2%2Fcomments&post=830"}],"version-history":[{"count":5,"href":"https:\/\/etyc.pol.una.py\/index.php?rest_route=\/wp\/v2\/posts\/830\/revisions"}],"predecessor-version":[{"id":840,"href":"https:\/\/etyc.pol.una.py\/index.php?rest_route=\/wp\/v2\/posts\/830\/revisions\/840"}],"wp:featuredmedia":[{"embeddable":true,"href":"https:\/\/etyc.pol.una.py\/index.php?rest_route=\/wp\/v2\/media\/833"}],"wp:attachment":[{"href":"https:\/\/etyc.pol.una.py\/index.php?rest_route=%2Fwp%2Fv2%2Fmedia&parent=830"}],"wp:term":[{"taxonomy":"category","embeddable":true,"href":"https:\/\/etyc.pol.una.py\/index.php?rest_route=%2Fwp%2Fv2%2Fcategories&post=830"},{"taxonomy":"post_tag","embeddable":true,"href":"https:\/\/etyc.pol.una.py\/index.php?rest_route=%2Fwp%2Fv2%2Ftags&post=830"}],"curies":[{"name":"wp","href":"https:\/\/api.w.org\/{rel}","templated":true}]}}