{"id":819,"date":"2022-09-22T20:24:25","date_gmt":"2022-09-22T20:24:25","guid":{"rendered":"http:\/\/etyc.pol.una.py\/?p=819"},"modified":"2022-09-22T20:35:40","modified_gmt":"2022-09-22T20:35:40","slug":"xv-foro-de-ingenieria-electrica-de-la-fp-una","status":"publish","type":"post","link":"https:\/\/etyc.pol.una.py\/?p=819","title":{"rendered":"XV Foro de Ingenier\u00eda El\u00e9ctrica de la FP-UNA"},"content":{"rendered":"\t\t<div data-elementor-type=\"wp-post\" data-elementor-id=\"819\" class=\"elementor elementor-819\">\n\t\t\t\t\t\t<section class=\"elementor-section elementor-top-section elementor-element elementor-element-38c85f7 elementor-section-boxed elementor-section-height-default elementor-section-height-default\" data-id=\"38c85f7\" data-element_type=\"section\">\n\t\t\t\t\t\t<div class=\"elementor-container elementor-column-gap-default\">\n\t\t\t\t\t<div class=\"elementor-column elementor-col-100 elementor-top-column elementor-element elementor-element-f22fa21\" data-id=\"f22fa21\" data-element_type=\"column\">\n\t\t\t<div class=\"elementor-widget-wrap elementor-element-populated\">\n\t\t\t\t\t\t<div class=\"elementor-element elementor-element-2de9d03 elementor-widget elementor-widget-text-editor\" data-id=\"2de9d03\" data-element_type=\"widget\" data-widget_type=\"text-editor.default\">\n\t\t\t\t<div class=\"elementor-widget-container\">\n\t\t\t<style>\/*! elementor - v3.21.0 - 26-05-2024 *\/\n.elementor-widget-text-editor.elementor-drop-cap-view-stacked .elementor-drop-cap{background-color:#69727d;color:#fff}.elementor-widget-text-editor.elementor-drop-cap-view-framed .elementor-drop-cap{color:#69727d;border:3px solid;background-color:transparent}.elementor-widget-text-editor:not(.elementor-drop-cap-view-default) .elementor-drop-cap{margin-top:8px}.elementor-widget-text-editor:not(.elementor-drop-cap-view-default) .elementor-drop-cap-letter{width:1em;height:1em}.elementor-widget-text-editor .elementor-drop-cap{float:left;text-align:center;line-height:1;font-size:50px}.elementor-widget-text-editor .elementor-drop-cap-letter{display:inline-block}<\/style>\t\t\t\t<p style=\"text-align: justify;\">El XV Foro de Ingenier\u00eda El\u00e9ctrica \u201c15 a\u00f1os generando espacios de an\u00e1lisis y debate de temas relevantes y de actualidad del sector el\u00e9ctrico de nuestro pa\u00eds\u201d se desarroll\u00f3 el mi\u00e9rcoles, 21 de setiembre a partir de las 18:00 <em>h<\/em> en el Sal\u00f3n Auditorio del Centro Nacional de Computaci\u00f3n, en el marco de la XX Exposici\u00f3n Tecnol\u00f3gica y Cient\u00edfica, ETYC 2022 de la FP-UNA.<\/p><p><img fetchpriority=\"high\" decoding=\"async\" class=\"aligncenter wp-image-822 size-large\" src=\"http:\/\/etyc.pol.una.py\/wp-content\/uploads\/2022\/09\/XV-Foro-de-Ingenieria-Electrica-21set2022-22-min-1024x683.jpg\" alt=\"\" width=\"640\" height=\"427\" srcset=\"https:\/\/etyc.pol.una.py\/wp-content\/uploads\/2022\/09\/XV-Foro-de-Ingenieria-Electrica-21set2022-22-min-1024x683.jpg 1024w, https:\/\/etyc.pol.una.py\/wp-content\/uploads\/2022\/09\/XV-Foro-de-Ingenieria-Electrica-21set2022-22-min-300x200.jpg 300w, https:\/\/etyc.pol.una.py\/wp-content\/uploads\/2022\/09\/XV-Foro-de-Ingenieria-Electrica-21set2022-22-min-768x512.jpg 768w, https:\/\/etyc.pol.una.py\/wp-content\/uploads\/2022\/09\/XV-Foro-de-Ingenieria-Electrica-21set2022-22-min-1536x1024.jpg 1536w, https:\/\/etyc.pol.una.py\/wp-content\/uploads\/2022\/09\/XV-Foro-de-Ingenieria-Electrica-21set2022-22-min-2048x1365.jpg 2048w, https:\/\/etyc.pol.una.py\/wp-content\/uploads\/2022\/09\/XV-Foro-de-Ingenieria-Electrica-21set2022-22-min-600x400.jpg 600w\" sizes=\"(max-width: 640px) 100vw, 640px\" \/><\/p><p style=\"text-align: justify;\">La Prof. MSc. Silvia Leiva Le\u00f3n, Decana, dio las palabras de apertura del Foro, cuyo tema este a\u00f1o fue \u201cItaip\u00fa a V\u00edsperas de la Renegociaci\u00f3n del ANEXO C, desde un An\u00e1lisis T\u00e9cnico, Acad\u00e9mico, Econ\u00f3mico y Pol\u00edtico\u201d.<\/p><p style=\"text-align: justify;\">El primer tema \u201cAn\u00e1lisis T\u00e9cnico Acad\u00e9mico de Itaip\u00fa a v\u00edsperas de la Renegociaci\u00f3n del Anexo C\u201d estuvo a cargo Dr. Victorio Oxilia, del Grupo de Investigaci\u00f3n de Sistemas Energ\u00e9ticos, GISE de la FP-UNA, el segundo tema \u201cAn\u00e1lisis t\u00e9cnico de Itaip\u00fa a v\u00edsperas de la Renegociaci\u00f3n del ANEXO C\u201d a cargo del Prof. Ing. Fabi\u00e1n C\u00e1ceres Cadogan, docente de la Facultad.<\/p><p><img decoding=\"async\" class=\"aligncenter wp-image-823 size-large\" src=\"http:\/\/etyc.pol.una.py\/wp-content\/uploads\/2022\/09\/XV-Foro-de-Ingenieria-Electrica-21set2022-2-min-1024x683.jpg\" alt=\"\" width=\"640\" height=\"427\" srcset=\"https:\/\/etyc.pol.una.py\/wp-content\/uploads\/2022\/09\/XV-Foro-de-Ingenieria-Electrica-21set2022-2-min-1024x683.jpg 1024w, https:\/\/etyc.pol.una.py\/wp-content\/uploads\/2022\/09\/XV-Foro-de-Ingenieria-Electrica-21set2022-2-min-300x200.jpg 300w, https:\/\/etyc.pol.una.py\/wp-content\/uploads\/2022\/09\/XV-Foro-de-Ingenieria-Electrica-21set2022-2-min-768x512.jpg 768w, https:\/\/etyc.pol.una.py\/wp-content\/uploads\/2022\/09\/XV-Foro-de-Ingenieria-Electrica-21set2022-2-min-1536x1024.jpg 1536w, https:\/\/etyc.pol.una.py\/wp-content\/uploads\/2022\/09\/XV-Foro-de-Ingenieria-Electrica-21set2022-2-min-2048x1365.jpg 2048w, https:\/\/etyc.pol.una.py\/wp-content\/uploads\/2022\/09\/XV-Foro-de-Ingenieria-Electrica-21set2022-2-min-600x400.jpg 600w\" sizes=\"(max-width: 640px) 100vw, 640px\" \/><\/p><p style=\"text-align: justify;\">Continu\u00f3 con el tema 3 \u201cAn\u00e1lisis Econ\u00f3mico de Itaip\u00fa a v\u00edsperas de la Renegociaci\u00f3n del ANEXO C\u201d a cargo de Lic. Alberto Acosta Garbarino, Presidente de Desarrollo en Democracia, DENDE; y el tema 4 \u201cAn\u00e1lisis Pol\u00edtico de Itaip\u00fa a v\u00edsperas de la Renegociaci\u00f3n del ANEXO C\u201d por el Abg. Eusebio Ram\u00f3n Ayala, Senador Nacional.<\/p><p style=\"text-align: justify;\">Finalmente, se desarroll\u00f3 el debate, espacio que fue moderado por el Prof. Ing. Daniel Domecq Duarte, docente de la FP-UNA.<\/p><p style=\"text-align: justify;\">El Foro de Ingenier\u00eda El\u00e9ctrica, organizado anualmente por la FP-UNA, tiene por objetivo \u201cGenerar un espacio de an\u00e1lisis y debate de temas relevantes y de actualidad del Sector El\u00e9ctrico de nuestro pa\u00eds\u201d.<\/p><p>\u00a0<\/p><p>Nota: Ana Valiente Villalba<\/p><p>Fotograf\u00edas: Liz Britez<\/p><p>Jueves, 22 de setiembre<\/p>\t\t\t\t\t\t<\/div>\n\t\t\t\t<\/div>\n\t\t\t\t\t<\/div>\n\t\t<\/div>\n\t\t\t\t\t<\/div>\n\t\t<\/section>\n\t\t\t\t<\/div>\n\t\t","protected":false},"excerpt":{"rendered":"<p>El XV Foro de Ingenier\u00eda El\u00e9ctrica \u201c15 a\u00f1os generando espacios de an\u00e1lisis y debate de temas relevantes y de actualidad del sector el\u00e9ctrico de nuestro pa\u00eds\u201d se desarroll\u00f3 el mi\u00e9rcoles, 21 de setiembre a partir de las 18:00 h en el Sal\u00f3n Auditorio del Centro Nacional de Computaci\u00f3n, en el marco de la XX Exposici\u00f3n Tecnol\u00f3gica y Cient\u00edfica, ETYC 2022&#8230;<\/p>\n","protected":false},"author":1,"featured_media":828,"comment_status":"open","ping_status":"open","sticky":false,"template":"","format":"standard","meta":{"footnotes":""},"categories":[8],"tags":[],"class_list":["post-819","post","type-post","status-publish","format-standard","has-post-thumbnail","hentry","category-noticias"],"_links":{"self":[{"href":"https:\/\/etyc.pol.una.py\/index.php?rest_route=\/wp\/v2\/posts\/819","targetHints":{"allow":["GET"]}}],"collection":[{"href":"https:\/\/etyc.pol.una.py\/index.php?rest_route=\/wp\/v2\/posts"}],"about":[{"href":"https:\/\/etyc.pol.una.py\/index.php?rest_route=\/wp\/v2\/types\/post"}],"author":[{"embeddable":true,"href":"https:\/\/etyc.pol.una.py\/index.php?rest_route=\/wp\/v2\/users\/1"}],"replies":[{"embeddable":true,"href":"https:\/\/etyc.pol.una.py\/index.php?rest_route=%2Fwp%2Fv2%2Fcomments&post=819"}],"version-history":[{"count":5,"href":"https:\/\/etyc.pol.una.py\/index.php?rest_route=\/wp\/v2\/posts\/819\/revisions"}],"predecessor-version":[{"id":829,"href":"https:\/\/etyc.pol.una.py\/index.php?rest_route=\/wp\/v2\/posts\/819\/revisions\/829"}],"wp:featuredmedia":[{"embeddable":true,"href":"https:\/\/etyc.pol.una.py\/index.php?rest_route=\/wp\/v2\/media\/828"}],"wp:attachment":[{"href":"https:\/\/etyc.pol.una.py\/index.php?rest_route=%2Fwp%2Fv2%2Fmedia&parent=819"}],"wp:term":[{"taxonomy":"category","embeddable":true,"href":"https:\/\/etyc.pol.una.py\/index.php?rest_route=%2Fwp%2Fv2%2Fcategories&post=819"},{"taxonomy":"post_tag","embeddable":true,"href":"https:\/\/etyc.pol.una.py\/index.php?rest_route=%2Fwp%2Fv2%2Ftags&post=819"}],"curies":[{"name":"wp","href":"https:\/\/api.w.org\/{rel}","templated":true}]}}