{"id":772,"date":"2022-09-21T21:44:31","date_gmt":"2022-09-21T21:44:31","guid":{"rendered":"http:\/\/etyc.pol.una.py\/?p=772"},"modified":"2022-09-21T22:01:40","modified_gmt":"2022-09-21T22:01:40","slug":"xiv-foro-de-educacion-superior-en-fp-una","status":"publish","type":"post","link":"https:\/\/etyc.pol.una.py\/?p=772","title":{"rendered":"XIV Foro de Educaci\u00f3n Superior en FP-UNA"},"content":{"rendered":"\t\t<div data-elementor-type=\"wp-post\" data-elementor-id=\"772\" class=\"elementor elementor-772\">\n\t\t\t\t\t\t<section class=\"elementor-section elementor-top-section elementor-element elementor-element-6c2a07e elementor-section-boxed elementor-section-height-default elementor-section-height-default\" data-id=\"6c2a07e\" data-element_type=\"section\">\n\t\t\t\t\t\t<div class=\"elementor-container elementor-column-gap-default\">\n\t\t\t\t\t<div class=\"elementor-column elementor-col-100 elementor-top-column elementor-element elementor-element-18c4830\" data-id=\"18c4830\" data-element_type=\"column\">\n\t\t\t<div class=\"elementor-widget-wrap elementor-element-populated\">\n\t\t\t\t\t\t<div class=\"elementor-element elementor-element-654da8e elementor-widget elementor-widget-text-editor\" data-id=\"654da8e\" data-element_type=\"widget\" data-widget_type=\"text-editor.default\">\n\t\t\t\t<div class=\"elementor-widget-container\">\n\t\t\t<style>\/*! elementor - v3.21.0 - 26-05-2024 *\/\n.elementor-widget-text-editor.elementor-drop-cap-view-stacked .elementor-drop-cap{background-color:#69727d;color:#fff}.elementor-widget-text-editor.elementor-drop-cap-view-framed .elementor-drop-cap{color:#69727d;border:3px solid;background-color:transparent}.elementor-widget-text-editor:not(.elementor-drop-cap-view-default) .elementor-drop-cap{margin-top:8px}.elementor-widget-text-editor:not(.elementor-drop-cap-view-default) .elementor-drop-cap-letter{width:1em;height:1em}.elementor-widget-text-editor .elementor-drop-cap{float:left;text-align:center;line-height:1;font-size:50px}.elementor-widget-text-editor .elementor-drop-cap-letter{display:inline-block}<\/style>\t\t\t\t<p style=\"text-align: justify;\">El XIV Foro de Educaci\u00f3n Superior con el lema \u201cTriangulaci\u00f3n acad\u00e9mica, investigaci\u00f3n, docencia y extensi\u00f3n, escenario de la realidad en la Educaci\u00f3n Superior\u201d se llev\u00f3 a cabo este mi\u00e9rcoles, 21 de setiembre de 7:00 a 13:00 <em>h<\/em> en el marco de la XX Exposici\u00f3n Tecnol\u00f3gica y Cient\u00edfica, ETyC 2022, en el Aula Magna de la FP-UNA.<\/p><p><img fetchpriority=\"high\" decoding=\"async\" class=\"wp-image-802 alignleft\" src=\"http:\/\/etyc.pol.una.py\/wp-content\/uploads\/2022\/09\/Foro-Educacion-Superior-Rectorado-3-1024x683.jpeg\" alt=\"\" width=\"420\" height=\"280\" srcset=\"https:\/\/etyc.pol.una.py\/wp-content\/uploads\/2022\/09\/Foro-Educacion-Superior-Rectorado-3-1024x683.jpeg 1024w, https:\/\/etyc.pol.una.py\/wp-content\/uploads\/2022\/09\/Foro-Educacion-Superior-Rectorado-3-300x200.jpeg 300w, https:\/\/etyc.pol.una.py\/wp-content\/uploads\/2022\/09\/Foro-Educacion-Superior-Rectorado-3-768x512.jpeg 768w, https:\/\/etyc.pol.una.py\/wp-content\/uploads\/2022\/09\/Foro-Educacion-Superior-Rectorado-3-600x400.jpeg 600w, https:\/\/etyc.pol.una.py\/wp-content\/uploads\/2022\/09\/Foro-Educacion-Superior-Rectorado-3.jpeg 1280w\" sizes=\"(max-width: 420px) 100vw, 420px\" \/> <img decoding=\"async\" class=\"alignnone wp-image-803\" src=\"http:\/\/etyc.pol.una.py\/wp-content\/uploads\/2022\/09\/Foro-Educacion-Superior-Rectorado-2-300x200.jpeg\" alt=\"\" width=\"420\" height=\"280\" srcset=\"https:\/\/etyc.pol.una.py\/wp-content\/uploads\/2022\/09\/Foro-Educacion-Superior-Rectorado-2-300x200.jpeg 300w, https:\/\/etyc.pol.una.py\/wp-content\/uploads\/2022\/09\/Foro-Educacion-Superior-Rectorado-2-1024x683.jpeg 1024w, https:\/\/etyc.pol.una.py\/wp-content\/uploads\/2022\/09\/Foro-Educacion-Superior-Rectorado-2-768x512.jpeg 768w, https:\/\/etyc.pol.una.py\/wp-content\/uploads\/2022\/09\/Foro-Educacion-Superior-Rectorado-2-600x400.jpeg 600w, https:\/\/etyc.pol.una.py\/wp-content\/uploads\/2022\/09\/Foro-Educacion-Superior-Rectorado-2.jpeg 1280w\" sizes=\"(max-width: 420px) 100vw, 420px\" \/><\/p><p style=\"text-align: justify;\">Las palabras de bienvenida al Foro estuvieron a cargo de la Prof. MSc. Silvia Leiva Le\u00f3n, Decana, y la declaraci\u00f3n de apertura oficial a cargo del Prof. Dr. Miguel Torres \u00d1umbay, Vicerrector de la UNA.<\/p><p style=\"text-align: justify;\">El Foro inici\u00f3 con la primera ponencia \u201cMecanismos y procesos de aseguramiento de la calidad en la educaci\u00f3n superior\u201d a cargo del Mgtr. Carlos Eduardo Garay, Docente Universitario en diferentes universidades privadas y estatales en nuestro pa\u00eds; la segunda ponencia \u201c\u201cTriangulaci\u00f3n acad\u00e9mica, investigaci\u00f3n, extensi\u00f3n y docencia\u201d estuvo a cargo del Mgtr. Pedro Joaqu\u00edn Godoy Alvarenga, Doctorando en Ciencias de la Educaci\u00f3n en la Universidad Nihon Gakko.<\/p><p style=\"text-align: justify;\"><img decoding=\"async\" class=\"wp-image-775 alignleft\" src=\"http:\/\/etyc.pol.una.py\/wp-content\/uploads\/2022\/09\/DSC_0106-min-300x200.jpg\" alt=\"\" width=\"420\" height=\"280\" srcset=\"https:\/\/etyc.pol.una.py\/wp-content\/uploads\/2022\/09\/DSC_0106-min-300x200.jpg 300w, https:\/\/etyc.pol.una.py\/wp-content\/uploads\/2022\/09\/DSC_0106-min-1024x683.jpg 1024w, https:\/\/etyc.pol.una.py\/wp-content\/uploads\/2022\/09\/DSC_0106-min-768x512.jpg 768w, https:\/\/etyc.pol.una.py\/wp-content\/uploads\/2022\/09\/DSC_0106-min-1536x1024.jpg 1536w, https:\/\/etyc.pol.una.py\/wp-content\/uploads\/2022\/09\/DSC_0106-min-2048x1365.jpg 2048w, https:\/\/etyc.pol.una.py\/wp-content\/uploads\/2022\/09\/DSC_0106-min-600x400.jpg 600w\" sizes=\"(max-width: 420px) 100vw, 420px\" \/> <img loading=\"lazy\" decoding=\"async\" class=\"alignnone wp-image-778\" src=\"http:\/\/etyc.pol.una.py\/wp-content\/uploads\/2022\/09\/DSC_0093-min-300x200.jpg\" alt=\"\" width=\"420\" height=\"280\" srcset=\"https:\/\/etyc.pol.una.py\/wp-content\/uploads\/2022\/09\/DSC_0093-min-300x200.jpg 300w, https:\/\/etyc.pol.una.py\/wp-content\/uploads\/2022\/09\/DSC_0093-min-1024x683.jpg 1024w, https:\/\/etyc.pol.una.py\/wp-content\/uploads\/2022\/09\/DSC_0093-min-768x512.jpg 768w, https:\/\/etyc.pol.una.py\/wp-content\/uploads\/2022\/09\/DSC_0093-min-1536x1024.jpg 1536w, https:\/\/etyc.pol.una.py\/wp-content\/uploads\/2022\/09\/DSC_0093-min-2048x1365.jpg 2048w, https:\/\/etyc.pol.una.py\/wp-content\/uploads\/2022\/09\/DSC_0093-min-600x400.jpg 600w\" sizes=\"(max-width: 420px) 100vw, 420px\" \/>La tercera ponencia \u201cLa comunicaci\u00f3n, tipos de comunicaci\u00f3n y su importancia para construir puentes entre las generaciones\u201d estuvo cargo de la Mag. Mar\u00eda Luisa Ferreira, del \u00e1rea de Coordinaci\u00f3n de Medios del Estado del MITIC y docente universitaria en la UNA; \u00a0y la cuarta ponencia \u201cEl rol de la Universidad en un proceso de transformaci\u00f3n educativo\u201d estuvo a cargo\u00a0 de la Dra. Bernardita Stark, M\u00e9dica Pat\u00f3loga y Mag\u00edster en Educaci\u00f3n M\u00e9dica Superior.<\/p><p style=\"text-align: justify;\">Finalmente, se desarroll\u00f3 el espacio de debate, con las consultas de los participantes y respuestas de los disertantes sobre los temas desarrollados, fue moderador de este espacio el Prof. Dr. C\u00e9sar Dar\u00edo Cabrera, Director de Excelencia Institucional de la FP-UNA.<\/p><p><img loading=\"lazy\" decoding=\"async\" class=\"aligncenter wp-image-777 size-large\" src=\"http:\/\/etyc.pol.una.py\/wp-content\/uploads\/2022\/09\/DSC_0142-min-scaled-e1663796961600-1024x700.jpg\" alt=\"\" width=\"640\" height=\"438\" srcset=\"https:\/\/etyc.pol.una.py\/wp-content\/uploads\/2022\/09\/DSC_0142-min-scaled-e1663796961600-1024x700.jpg 1024w, https:\/\/etyc.pol.una.py\/wp-content\/uploads\/2022\/09\/DSC_0142-min-scaled-e1663796961600-300x205.jpg 300w, https:\/\/etyc.pol.una.py\/wp-content\/uploads\/2022\/09\/DSC_0142-min-scaled-e1663796961600-768x525.jpg 768w, https:\/\/etyc.pol.una.py\/wp-content\/uploads\/2022\/09\/DSC_0142-min-scaled-e1663796961600-1536x1051.jpg 1536w, https:\/\/etyc.pol.una.py\/wp-content\/uploads\/2022\/09\/DSC_0142-min-scaled-e1663796961600-2048x1401.jpg 2048w\" sizes=\"(max-width: 640px) 100vw, 640px\" \/><\/p><p style=\"text-align: justify;\">El XIV Foro de Educaci\u00f3n Superior fue organizado por la FP-UNA con la coordinaci\u00f3n de la Direcci\u00f3n de Excelencia Institucional FP-UNA, y tuvo por objetivo \u201cinteriorizar la importancia de ofrecer carreras de grado y programas de postgrados de calidad en busca de la excelencia\u201d.<\/p><p>Nota: Ana Valiente Villalba<\/p><p>Fotograf\u00edas: Ana Valiente y gentileza<\/p><p>Mi\u00e9rcoles, 21 de setiembre de 2022<\/p>\t\t\t\t\t\t<\/div>\n\t\t\t\t<\/div>\n\t\t\t\t\t<\/div>\n\t\t<\/div>\n\t\t\t\t\t<\/div>\n\t\t<\/section>\n\t\t\t\t<\/div>\n\t\t","protected":false},"excerpt":{"rendered":"<p>El XIV Foro de Educaci\u00f3n Superior con el lema \u201cTriangulaci\u00f3n acad\u00e9mica, investigaci\u00f3n, docencia y extensi\u00f3n, escenario de la realidad en la Educaci\u00f3n Superior\u201d se llev\u00f3 a cabo este mi\u00e9rcoles, 21 de setiembre de 7:00 a 13:00 h en el marco de la XX Exposici\u00f3n Tecnol\u00f3gica y Cient\u00edfica, ETyC 2022, en el Aula Magna de la FP-UNA. Las palabras de bienvenida&#8230;<\/p>\n","protected":false},"author":1,"featured_media":801,"comment_status":"open","ping_status":"open","sticky":false,"template":"","format":"standard","meta":{"footnotes":""},"categories":[8,1],"tags":[],"class_list":["post-772","post","type-post","status-publish","format-standard","has-post-thumbnail","hentry","category-noticias","category-sin-categoria"],"_links":{"self":[{"href":"https:\/\/etyc.pol.una.py\/index.php?rest_route=\/wp\/v2\/posts\/772","targetHints":{"allow":["GET"]}}],"collection":[{"href":"https:\/\/etyc.pol.una.py\/index.php?rest_route=\/wp\/v2\/posts"}],"about":[{"href":"https:\/\/etyc.pol.una.py\/index.php?rest_route=\/wp\/v2\/types\/post"}],"author":[{"embeddable":true,"href":"https:\/\/etyc.pol.una.py\/index.php?rest_route=\/wp\/v2\/users\/1"}],"replies":[{"embeddable":true,"href":"https:\/\/etyc.pol.una.py\/index.php?rest_route=%2Fwp%2Fv2%2Fcomments&post=772"}],"version-history":[{"count":32,"href":"https:\/\/etyc.pol.una.py\/index.php?rest_route=\/wp\/v2\/posts\/772\/revisions"}],"predecessor-version":[{"id":812,"href":"https:\/\/etyc.pol.una.py\/index.php?rest_route=\/wp\/v2\/posts\/772\/revisions\/812"}],"wp:featuredmedia":[{"embeddable":true,"href":"https:\/\/etyc.pol.una.py\/index.php?rest_route=\/wp\/v2\/media\/801"}],"wp:attachment":[{"href":"https:\/\/etyc.pol.una.py\/index.php?rest_route=%2Fwp%2Fv2%2Fmedia&parent=772"}],"wp:term":[{"taxonomy":"category","embeddable":true,"href":"https:\/\/etyc.pol.una.py\/index.php?rest_route=%2Fwp%2Fv2%2Fcategories&post=772"},{"taxonomy":"post_tag","embeddable":true,"href":"https:\/\/etyc.pol.una.py\/index.php?rest_route=%2Fwp%2Fv2%2Ftags&post=772"}],"curies":[{"name":"wp","href":"https:\/\/api.w.org\/{rel}","templated":true}]}}