{"id":726,"date":"2022-09-21T19:32:31","date_gmt":"2022-09-21T19:32:31","guid":{"rendered":"http:\/\/etyc.pol.una.py\/?p=726"},"modified":"2022-09-21T20:26:06","modified_gmt":"2022-09-21T20:26:06","slug":"ix-foro-de-etica-en-la-fp-una","status":"publish","type":"post","link":"https:\/\/etyc.pol.una.py\/?p=726","title":{"rendered":"IX Foro de \u00c9tica en la FP-UNA"},"content":{"rendered":"\t\t<div data-elementor-type=\"wp-post\" data-elementor-id=\"726\" class=\"elementor elementor-726\">\n\t\t\t\t\t\t<section class=\"elementor-section elementor-top-section elementor-element elementor-element-cfb96f1 elementor-section-boxed elementor-section-height-default elementor-section-height-default\" data-id=\"cfb96f1\" data-element_type=\"section\">\n\t\t\t\t\t\t<div class=\"elementor-container elementor-column-gap-default\">\n\t\t\t\t\t<div class=\"elementor-column elementor-col-100 elementor-top-column elementor-element elementor-element-6abf03b\" data-id=\"6abf03b\" data-element_type=\"column\">\n\t\t\t<div class=\"elementor-widget-wrap elementor-element-populated\">\n\t\t\t\t\t\t<div class=\"elementor-element elementor-element-e25f8a4 elementor-widget elementor-widget-text-editor\" data-id=\"e25f8a4\" data-element_type=\"widget\" data-widget_type=\"text-editor.default\">\n\t\t\t\t<div class=\"elementor-widget-container\">\n\t\t\t<style>\/*! elementor - v3.21.0 - 26-05-2024 *\/\n.elementor-widget-text-editor.elementor-drop-cap-view-stacked .elementor-drop-cap{background-color:#69727d;color:#fff}.elementor-widget-text-editor.elementor-drop-cap-view-framed .elementor-drop-cap{color:#69727d;border:3px solid;background-color:transparent}.elementor-widget-text-editor:not(.elementor-drop-cap-view-default) .elementor-drop-cap{margin-top:8px}.elementor-widget-text-editor:not(.elementor-drop-cap-view-default) .elementor-drop-cap-letter{width:1em;height:1em}.elementor-widget-text-editor .elementor-drop-cap{float:left;text-align:center;line-height:1;font-size:50px}.elementor-widget-text-editor .elementor-drop-cap-letter{display:inline-block}<\/style>\t\t\t\t<p style=\"text-align: justify;\">Con el lema \u201cLa Responsabilidad como garant\u00eda de la Excelencia\u201d se desarroll\u00f3 el IX Foro de \u00c9tica de la FP-UNA, en el marco de la XX Edici\u00f3n de la Exposici\u00f3n Tecnol\u00f3gica y Cient\u00edfica, ETyC 2022, el martes 20 de setiembre a partir de las 18:00 h en el Aula Postgrado B02 y con trasmisi\u00f3n en vivo a trav\u00e9s del canal de Youtube de la ETyC.<\/p><p style=\"text-align: justify;\">El Prof. MSc. Claudio Nil Bar\u00faa Acosta, L\u00edder del Comit\u00e9 de \u00c9tica, dirigi\u00f3 las palabras de bienvenida a los presentes, continu\u00f3 con la presentaci\u00f3n del moderador del Foro, el Prof. Dr. Cristian Cappo, miembro del Comit\u00e9 de \u00c9tica.<\/p><p><img fetchpriority=\"high\" decoding=\"async\" class=\"alignleft wp-image-736\" src=\"http:\/\/etyc.pol.una.py\/wp-content\/uploads\/2022\/09\/DSC_0052-min-300x200.jpg\" alt=\"\" width=\"420\" height=\"280\" srcset=\"https:\/\/etyc.pol.una.py\/wp-content\/uploads\/2022\/09\/DSC_0052-min-300x200.jpg 300w, https:\/\/etyc.pol.una.py\/wp-content\/uploads\/2022\/09\/DSC_0052-min-1024x683.jpg 1024w, https:\/\/etyc.pol.una.py\/wp-content\/uploads\/2022\/09\/DSC_0052-min-768x512.jpg 768w, https:\/\/etyc.pol.una.py\/wp-content\/uploads\/2022\/09\/DSC_0052-min-1536x1024.jpg 1536w, https:\/\/etyc.pol.una.py\/wp-content\/uploads\/2022\/09\/DSC_0052-min-2048x1365.jpg 2048w, https:\/\/etyc.pol.una.py\/wp-content\/uploads\/2022\/09\/DSC_0052-min-600x400.jpg 600w\" sizes=\"(max-width: 420px) 100vw, 420px\" \/> <img decoding=\"async\" class=\"alignnone wp-image-735\" src=\"http:\/\/etyc.pol.una.py\/wp-content\/uploads\/2022\/09\/DSC_0044-min-300x200.jpg\" alt=\"\" width=\"420\" height=\"280\" srcset=\"https:\/\/etyc.pol.una.py\/wp-content\/uploads\/2022\/09\/DSC_0044-min-300x200.jpg 300w, https:\/\/etyc.pol.una.py\/wp-content\/uploads\/2022\/09\/DSC_0044-min-1024x683.jpg 1024w, https:\/\/etyc.pol.una.py\/wp-content\/uploads\/2022\/09\/DSC_0044-min-768x512.jpg 768w, https:\/\/etyc.pol.una.py\/wp-content\/uploads\/2022\/09\/DSC_0044-min-1536x1024.jpg 1536w, https:\/\/etyc.pol.una.py\/wp-content\/uploads\/2022\/09\/DSC_0044-min-2048x1365.jpg 2048w, https:\/\/etyc.pol.una.py\/wp-content\/uploads\/2022\/09\/DSC_0044-min-600x400.jpg 600w\" sizes=\"(max-width: 420px) 100vw, 420px\" \/><\/p><p style=\"text-align: justify;\">El Tema 1 del Foro titulado \u201cLa Responsabilidad, valor fundamental en la gesti\u00f3n de las Universidades\u201d estuvo a cargo de la Dra. Bonilla \u2013 Santiago de la Universidad de Rutgers-Camden de Estados Unidos, v\u00eda teleconferencia.<\/p><p><img decoding=\"async\" class=\"alignleft wp-image-729\" src=\"http:\/\/etyc.pol.una.py\/wp-content\/uploads\/2022\/09\/Nueva-imagen-1-1024x576.jpg\" alt=\"\" width=\"420\" height=\"236\" srcset=\"https:\/\/etyc.pol.una.py\/wp-content\/uploads\/2022\/09\/Nueva-imagen-1-1024x576.jpg 1024w, https:\/\/etyc.pol.una.py\/wp-content\/uploads\/2022\/09\/Nueva-imagen-1-300x169.jpg 300w, https:\/\/etyc.pol.una.py\/wp-content\/uploads\/2022\/09\/Nueva-imagen-1-768x432.jpg 768w, https:\/\/etyc.pol.una.py\/wp-content\/uploads\/2022\/09\/Nueva-imagen-1-1536x864.jpg 1536w, https:\/\/etyc.pol.una.py\/wp-content\/uploads\/2022\/09\/Nueva-imagen-1.jpg 1920w\" sizes=\"(max-width: 420px) 100vw, 420px\" \/><img loading=\"lazy\" decoding=\"async\" class=\"alignnone wp-image-737\" src=\"http:\/\/etyc.pol.una.py\/wp-content\/uploads\/2022\/09\/DSC_0055-min-1024x683.jpg\" alt=\"\" width=\"354\" height=\"236\" srcset=\"https:\/\/etyc.pol.una.py\/wp-content\/uploads\/2022\/09\/DSC_0055-min-1024x683.jpg 1024w, https:\/\/etyc.pol.una.py\/wp-content\/uploads\/2022\/09\/DSC_0055-min-300x200.jpg 300w, https:\/\/etyc.pol.una.py\/wp-content\/uploads\/2022\/09\/DSC_0055-min-768x512.jpg 768w, https:\/\/etyc.pol.una.py\/wp-content\/uploads\/2022\/09\/DSC_0055-min-1536x1024.jpg 1536w, https:\/\/etyc.pol.una.py\/wp-content\/uploads\/2022\/09\/DSC_0055-min-2048x1365.jpg 2048w, https:\/\/etyc.pol.una.py\/wp-content\/uploads\/2022\/09\/DSC_0055-min-600x400.jpg 600w\" sizes=\"(max-width: 354px) 100vw, 354px\" \/><\/p><p style=\"text-align: justify;\">El tema 2 \u201c\u00c9tica de la Responsabilidad\u201d fue desarrollado por Prof. Dr. Jos\u00e9 Manuel Silvero de la Universidad Nacional de Asunci\u00f3n y el tema 3 \u201cEl combate a la corrupci\u00f3n: una responsabilidad de todos\u201d estuvo a cargo del Abg. Julio Noguera, de la Secretar\u00eda Nacional Anticorrupci\u00f3n, v\u00eda teleconferencia.<\/p><p style=\"text-align: justify;\">Luego de un espacio de preguntas y de las conclusiones del Foro a cargo del Moderador, la Prof. MSc. Silvia Leiva Le\u00f3n, Decana, dio el mensaje del cierre del evento.<\/p><p style=\"text-align: justify;\">El IX Foto de \u00c9tica, fue organizado por el Comit\u00e9 de \u00c9tica de la FP-UNA, como parte de las acciones que buscan difundir y fortalecer una cultura que impulse una gesti\u00f3n eficaz, honesta y responsable, basada en el compromiso y la integridad de todos aquellos que conforman la comunidad\u00a0 educativa.<\/p><p>Nota: Ana Valiente Villalba<\/p><p>Fotograf\u00edas: Liz Br\u00edtez<\/p><p>Martes, 20 de setiembre de 2022<\/p>\t\t\t\t\t\t<\/div>\n\t\t\t\t<\/div>\n\t\t\t\t\t<\/div>\n\t\t<\/div>\n\t\t\t\t\t<\/div>\n\t\t<\/section>\n\t\t\t\t<\/div>\n\t\t","protected":false},"excerpt":{"rendered":"<p>Con el lema \u201cLa Responsabilidad como garant\u00eda de la Excelencia\u201d se desarroll\u00f3 el IX Foro de \u00c9tica de la FP-UNA, en el marco de la XX Edici\u00f3n de la Exposici\u00f3n Tecnol\u00f3gica y Cient\u00edfica, ETyC 2022, el martes 20 de setiembre a partir de las 18:00 h en el Aula Postgrado B02 y con trasmisi\u00f3n en vivo a trav\u00e9s del canal&#8230;<\/p>\n","protected":false},"author":1,"featured_media":740,"comment_status":"open","ping_status":"open","sticky":false,"template":"","format":"standard","meta":{"footnotes":""},"categories":[8],"tags":[],"class_list":["post-726","post","type-post","status-publish","format-standard","has-post-thumbnail","hentry","category-noticias"],"_links":{"self":[{"href":"https:\/\/etyc.pol.una.py\/index.php?rest_route=\/wp\/v2\/posts\/726","targetHints":{"allow":["GET"]}}],"collection":[{"href":"https:\/\/etyc.pol.una.py\/index.php?rest_route=\/wp\/v2\/posts"}],"about":[{"href":"https:\/\/etyc.pol.una.py\/index.php?rest_route=\/wp\/v2\/types\/post"}],"author":[{"embeddable":true,"href":"https:\/\/etyc.pol.una.py\/index.php?rest_route=\/wp\/v2\/users\/1"}],"replies":[{"embeddable":true,"href":"https:\/\/etyc.pol.una.py\/index.php?rest_route=%2Fwp%2Fv2%2Fcomments&post=726"}],"version-history":[{"count":15,"href":"https:\/\/etyc.pol.una.py\/index.php?rest_route=\/wp\/v2\/posts\/726\/revisions"}],"predecessor-version":[{"id":756,"href":"https:\/\/etyc.pol.una.py\/index.php?rest_route=\/wp\/v2\/posts\/726\/revisions\/756"}],"wp:featuredmedia":[{"embeddable":true,"href":"https:\/\/etyc.pol.una.py\/index.php?rest_route=\/wp\/v2\/media\/740"}],"wp:attachment":[{"href":"https:\/\/etyc.pol.una.py\/index.php?rest_route=%2Fwp%2Fv2%2Fmedia&parent=726"}],"wp:term":[{"taxonomy":"category","embeddable":true,"href":"https:\/\/etyc.pol.una.py\/index.php?rest_route=%2Fwp%2Fv2%2Fcategories&post=726"},{"taxonomy":"post_tag","embeddable":true,"href":"https:\/\/etyc.pol.una.py\/index.php?rest_route=%2Fwp%2Fv2%2Ftags&post=726"}],"curies":[{"name":"wp","href":"https:\/\/api.w.org\/{rel}","templated":true}]}}