{"id":674,"date":"2022-09-20T21:29:00","date_gmt":"2022-09-20T21:29:00","guid":{"rendered":"http:\/\/etyc.pol.una.py\/?p=674"},"modified":"2022-09-20T21:38:13","modified_gmt":"2022-09-20T21:38:13","slug":"inicio-la-xx-edicion-de-la-etyc-2022-en-la-fp-una","status":"publish","type":"post","link":"https:\/\/etyc.pol.una.py\/?p=674","title":{"rendered":"Inici\u00f3 la XX Edici\u00f3n de la ETyC 2022 en la FP-UNA"},"content":{"rendered":"\t\t<div data-elementor-type=\"wp-post\" data-elementor-id=\"674\" class=\"elementor elementor-674\">\n\t\t\t\t\t\t<section class=\"elementor-section elementor-top-section elementor-element elementor-element-e25ae22 elementor-section-boxed elementor-section-height-default elementor-section-height-default\" data-id=\"e25ae22\" data-element_type=\"section\">\n\t\t\t\t\t\t<div class=\"elementor-container elementor-column-gap-default\">\n\t\t\t\t\t<div class=\"elementor-column elementor-col-100 elementor-top-column elementor-element elementor-element-148ddb4\" data-id=\"148ddb4\" data-element_type=\"column\">\n\t\t\t<div class=\"elementor-widget-wrap elementor-element-populated\">\n\t\t\t\t\t\t<div class=\"elementor-element elementor-element-3afc348 elementor-widget elementor-widget-text-editor\" data-id=\"3afc348\" data-element_type=\"widget\" data-widget_type=\"text-editor.default\">\n\t\t\t\t<div class=\"elementor-widget-container\">\n\t\t\t<style>\/*! elementor - v3.21.0 - 26-05-2024 *\/\n.elementor-widget-text-editor.elementor-drop-cap-view-stacked .elementor-drop-cap{background-color:#69727d;color:#fff}.elementor-widget-text-editor.elementor-drop-cap-view-framed .elementor-drop-cap{color:#69727d;border:3px solid;background-color:transparent}.elementor-widget-text-editor:not(.elementor-drop-cap-view-default) .elementor-drop-cap{margin-top:8px}.elementor-widget-text-editor:not(.elementor-drop-cap-view-default) .elementor-drop-cap-letter{width:1em;height:1em}.elementor-widget-text-editor .elementor-drop-cap{float:left;text-align:center;line-height:1;font-size:50px}.elementor-widget-text-editor .elementor-drop-cap-letter{display:inline-block}<\/style>\t\t\t\t<p style=\"text-align: justify;\">El Acto de Apertura de la XX Edici\u00f3n de la Exposici\u00f3n Tecnol\u00f3gica y Cient\u00edfica, ETyC, de la FP-UNA, se llev\u00f3 a cabo este martes, 20 de setiembre a las 9:00 h con transmisi\u00f3n en vivo a trav\u00e9s del canal oficial de Youtube de la facultad.<\/p><p><img fetchpriority=\"high\" decoding=\"async\" class=\"wp-image-680 size-large aligncenter\" src=\"http:\/\/etyc.pol.una.py\/wp-content\/uploads\/2022\/09\/DSC_0018-min-1024x683.jpg\" alt=\"\" width=\"640\" height=\"427\" srcset=\"https:\/\/etyc.pol.una.py\/wp-content\/uploads\/2022\/09\/DSC_0018-min-1024x683.jpg 1024w, https:\/\/etyc.pol.una.py\/wp-content\/uploads\/2022\/09\/DSC_0018-min-300x200.jpg 300w, https:\/\/etyc.pol.una.py\/wp-content\/uploads\/2022\/09\/DSC_0018-min-768x512.jpg 768w, https:\/\/etyc.pol.una.py\/wp-content\/uploads\/2022\/09\/DSC_0018-min-1536x1024.jpg 1536w, https:\/\/etyc.pol.una.py\/wp-content\/uploads\/2022\/09\/DSC_0018-min-2048x1365.jpg 2048w, https:\/\/etyc.pol.una.py\/wp-content\/uploads\/2022\/09\/DSC_0018-min-600x400.jpg 600w\" sizes=\"(max-width: 640px) 100vw, 640px\" \/><\/p><p style=\"text-align: justify;\">La Prof. MSc. Silvia Leiva Le\u00f3n, se encarg\u00f3 de dar las palabras de apertura durante la ceremonia virtual, asimismo el Prof. Lic. Ernesto Vera, Coordinador de la ETYC, present\u00f3 la agenda y las actividades m\u00e1s resaltantes de la exposici\u00f3n. Finalmente, la Prof. Dra. Zully Vera de Molinas, Rectora de la UNA, hizo la declaraci\u00f3n oficial de apertura oficial de la ETyC 2022.<br \/>La mayor exposici\u00f3n tecnol\u00f3gica, cient\u00edfica y cultural de la UNA se desarrollar\u00e1 este martes 20 al viernes 23 de setiembre a partir de las 8:00 hasta las 21:00 h, con acceso libre y gratuito; con actividades como la V Jornada de difusi\u00f3n de proyectos de investigaci\u00f3n FP-UNA, el XIV Foro de educaci\u00f3n Superior, el IX Foro de \u00c9tica, el XV Foro de Ingenier\u00eda El\u00e9ctrica, el XIII Concurso de Dise\u00f1o y Montaje de Proyectos Electr\u00f3nicos de Aplicaci\u00f3n pr\u00e1ctica, el Workshop de programaci\u00f3n con Robots, la presentaci\u00f3n de Experiencias de pasant\u00edas, la III Competencia Nikola Tesla, el XII Workshop de Proyectos Finales de Grado, la II Competencia de Avioncitos de Papel, el Ciclo de Charlas Tem\u00e1ticas de las carreras, la aplicaci\u00f3n de Test de Intereses Profesionales y las actividades culturales como el XII Festival Intercolegial \u201cUnidos por el Arte\u201d y el Festival Folkl\u00f3rico Universitario \u201cAranduka\u201d.<\/p><p style=\"text-align: justify;\"><img decoding=\"async\" class=\"wp-image-678 size-large aligncenter\" src=\"http:\/\/etyc.pol.una.py\/wp-content\/uploads\/2022\/09\/DSC_0004-min-1024x683.jpg\" alt=\"\" width=\"640\" height=\"427\" srcset=\"https:\/\/etyc.pol.una.py\/wp-content\/uploads\/2022\/09\/DSC_0004-min-1024x683.jpg 1024w, https:\/\/etyc.pol.una.py\/wp-content\/uploads\/2022\/09\/DSC_0004-min-300x200.jpg 300w, https:\/\/etyc.pol.una.py\/wp-content\/uploads\/2022\/09\/DSC_0004-min-768x512.jpg 768w, https:\/\/etyc.pol.una.py\/wp-content\/uploads\/2022\/09\/DSC_0004-min-1536x1024.jpg 1536w, https:\/\/etyc.pol.una.py\/wp-content\/uploads\/2022\/09\/DSC_0004-min-2048x1365.jpg 2048w, https:\/\/etyc.pol.una.py\/wp-content\/uploads\/2022\/09\/DSC_0004-min-600x400.jpg 600w\" sizes=\"(max-width: 640px) 100vw, 640px\" \/><br \/>La ETyC busca crear un espacio de interacci\u00f3n, con la investigaci\u00f3n cient\u00edfica-tecnol\u00f3gica, la gesti\u00f3n y la extensi\u00f3n universitaria como ejes del v\u00ednculo de la Universidad con la ciudadan\u00eda, para responder con anticipaci\u00f3n a las demandas del mundo globalizado, a fin de contribuir al desarrollo sostenible del pa\u00eds.<\/p><p style=\"text-align: justify;\">Este edici\u00f3n de la ETyC fue declarada de \u201cInter\u00e9s Acad\u00e9mico y Cient\u00edfico\u201d por el Consejo Superior Universitario de la UNA; de \u201cInter\u00e9s Cient\u00edfico y Tecnol\u00f3gico\u00bb por el Consejo Nacional de Ciencia y Tecnolog\u00eda (CONACYT) y la Sociedad Cient\u00edfica del Paraguay (SCP); de \u201cInter\u00e9s Tecnol\u00f3gico\u00bb por la Secretar\u00eda Nacional de Tecnolog\u00edas de la Informaci\u00f3n y Comunicaci\u00f3n; de \u201cInter\u00e9s Educativo\u201d por el Ministerio de Educaci\u00f3n y Ciencias (MEC); de \u201cInter\u00e9s Tur\u00edstico Nacional\u201d por la Secretar\u00eda Nacional de Turismo (SENATUR); de \u201cInter\u00e9s Cient\u00edfico Espacial\u201d por la Agencia Espacial del Paraguay (AEP); y de \u201cInter\u00e9s Cient\u00edfico y Tecnol\u00f3gico\u00bb por la Honorable C\u00e1mara de Diputados, de \u201cInter\u00e9s institucional Productivo y Econ\u00f3mico\u201d por el Ministerio de Industria y Comercio.<\/p><p style=\"text-align: justify;\">Pueden seguir todas las actividades de la ETYC en su sitio oficial: <a href=\"http:\/\/etyc.pol.una.py\/\">http:\/\/etyc.pol.una.py\/<\/a><\/p><p>Nota: Ana Valiente Villalba<br \/>Fotograf\u00edas: Christian Insfr\u00e1n<br \/>Martes, 20 de setiembre de 2022<\/p>\t\t\t\t\t\t<\/div>\n\t\t\t\t<\/div>\n\t\t\t\t\t<\/div>\n\t\t<\/div>\n\t\t\t\t\t<\/div>\n\t\t<\/section>\n\t\t\t\t<\/div>\n\t\t","protected":false},"excerpt":{"rendered":"<p>El Acto de Apertura de la XX Edici\u00f3n de la Exposici\u00f3n Tecnol\u00f3gica y Cient\u00edfica, ETyC, de la FP-UNA, se llev\u00f3 a cabo este martes, 20 de setiembre a las 9:00 h con transmisi\u00f3n en vivo a trav\u00e9s del canal oficial de Youtube de la facultad. La Prof. MSc. Silvia Leiva Le\u00f3n, se encarg\u00f3 de dar las palabras de apertura durante&#8230;<\/p>\n","protected":false},"author":1,"featured_media":679,"comment_status":"open","ping_status":"open","sticky":false,"template":"","format":"standard","meta":{"footnotes":""},"categories":[8],"tags":[],"class_list":["post-674","post","type-post","status-publish","format-standard","has-post-thumbnail","hentry","category-noticias"],"_links":{"self":[{"href":"https:\/\/etyc.pol.una.py\/index.php?rest_route=\/wp\/v2\/posts\/674","targetHints":{"allow":["GET"]}}],"collection":[{"href":"https:\/\/etyc.pol.una.py\/index.php?rest_route=\/wp\/v2\/posts"}],"about":[{"href":"https:\/\/etyc.pol.una.py\/index.php?rest_route=\/wp\/v2\/types\/post"}],"author":[{"embeddable":true,"href":"https:\/\/etyc.pol.una.py\/index.php?rest_route=\/wp\/v2\/users\/1"}],"replies":[{"embeddable":true,"href":"https:\/\/etyc.pol.una.py\/index.php?rest_route=%2Fwp%2Fv2%2Fcomments&post=674"}],"version-history":[{"count":8,"href":"https:\/\/etyc.pol.una.py\/index.php?rest_route=\/wp\/v2\/posts\/674\/revisions"}],"predecessor-version":[{"id":687,"href":"https:\/\/etyc.pol.una.py\/index.php?rest_route=\/wp\/v2\/posts\/674\/revisions\/687"}],"wp:featuredmedia":[{"embeddable":true,"href":"https:\/\/etyc.pol.una.py\/index.php?rest_route=\/wp\/v2\/media\/679"}],"wp:attachment":[{"href":"https:\/\/etyc.pol.una.py\/index.php?rest_route=%2Fwp%2Fv2%2Fmedia&parent=674"}],"wp:term":[{"taxonomy":"category","embeddable":true,"href":"https:\/\/etyc.pol.una.py\/index.php?rest_route=%2Fwp%2Fv2%2Fcategories&post=674"},{"taxonomy":"post_tag","embeddable":true,"href":"https:\/\/etyc.pol.una.py\/index.php?rest_route=%2Fwp%2Fv2%2Ftags&post=674"}],"curies":[{"name":"wp","href":"https:\/\/api.w.org\/{rel}","templated":true}]}}